{"id":2937,"date":"2021-12-15T15:11:26","date_gmt":"2021-12-15T14:11:26","guid":{"rendered":"https:\/\/www.valescure.najeti.fr\/?p=2937"},"modified":"2022-06-23T15:42:42","modified_gmt":"2022-06-23T13:42:42","slug":"garden-jazz-summer","status":"publish","type":"post","link":"https:\/\/www.valescure.najeti.fr\/en\/garden-jazz-ete\/","title":{"rendered":"Garden Jazz on Sundays"},"content":{"rendered":"<div data-elementor-type=\"wp-post\" data-elementor-id=\"2937\" class=\"elementor elementor-2937\" data-elementor-post-type=\"post\">\n\t\t\t\t\t\t<section class=\"elementor-section elementor-top-section elementor-element elementor-element-da8961d elementor-section-boxed elementor-section-height-default elementor-section-height-default\" data-id=\"da8961d\" data-element_type=\"section\" data-e-type=\"section\" data-settings=\"{&quot;background_background&quot;:&quot;classic&quot;,&quot;_ob_glider_is_slider&quot;:&quot;no&quot;}\">\n\t\t\t\t\t\t<div class=\"elementor-container elementor-column-gap-default\">\n\t\t\t\t\t<div class=\"elementor-column elementor-col-50 elementor-top-column elementor-element elementor-element-aec5158\" data-id=\"aec5158\" data-element_type=\"column\" data-e-type=\"column\" data-settings=\"{&quot;_ob_column_hoveranimator&quot;:&quot;no&quot;,&quot;_ob_column_has_pseudo&quot;:&quot;no&quot;}\">\n\t\t\t<div class=\"elementor-widget-wrap elementor-element-populated\">\n\t\t\t\t\t\t<div class=\"elementor-element elementor-element-d4e7cb9 ob-has-background-overlay elementor-widget elementor-widget-image\" data-id=\"d4e7cb9\" data-element_type=\"widget\" data-e-type=\"widget\" data-settings=\"{&quot;_ob_photomorph_use&quot;:&quot;no&quot;,&quot;_ob_widget_stalker_use&quot;:&quot;no&quot;,&quot;_ob_poopart_use&quot;:&quot;yes&quot;,&quot;_ob_shadough_use&quot;:&quot;no&quot;,&quot;_ob_allow_hoveranimator&quot;:&quot;no&quot;}\" data-widget_type=\"image.default\">\n\t\t\t\t<div class=\"elementor-widget-container\">\n\t\t\t\t\t\t\t\t\t\t\t\t\t\t\t<img fetchpriority=\"high\" decoding=\"async\" width=\"768\" height=\"1086\" src=\"https:\/\/www.valescure.najeti.fr\/wp-content\/uploads\/2021\/12\/Version1-Soiree-Jazz-Ete-Dimanche-768x1086.jpg\" class=\"attachment-medium_large size-medium_large wp-image-5609\" alt=\"\" srcset=\"https:\/\/www.valescure.najeti.fr\/wp-content\/uploads\/2021\/12\/Version1-Soiree-Jazz-Ete-Dimanche-768x1086.jpg 768w, https:\/\/www.valescure.najeti.fr\/wp-content\/uploads\/2021\/12\/Version1-Soiree-Jazz-Ete-Dimanche-212x300.jpg 212w, https:\/\/www.valescure.najeti.fr\/wp-content\/uploads\/2021\/12\/Version1-Soiree-Jazz-Ete-Dimanche-724x1024.jpg 724w, https:\/\/www.valescure.najeti.fr\/wp-content\/uploads\/2021\/12\/Version1-Soiree-Jazz-Ete-Dimanche-1086x1536.jpg 1086w, https:\/\/www.valescure.najeti.fr\/wp-content\/uploads\/2021\/12\/Version1-Soiree-Jazz-Ete-Dimanche-1448x2048.jpg 1448w, https:\/\/www.valescure.najeti.fr\/wp-content\/uploads\/2021\/12\/Version1-Soiree-Jazz-Ete-Dimanche-8x12.jpg 8w, https:\/\/www.valescure.najeti.fr\/wp-content\/uploads\/2021\/12\/Version1-Soiree-Jazz-Ete-Dimanche.jpg 1754w\" sizes=\"(max-width: 768px) 100vw, 768px\" title=\"Photo -\">\t\t\t\t\t\t\t\t\t\t\t\t\t\t\t<\/div>\n\t\t\t\t<\/div>\n\t\t\t\t\t<\/div>\n\t\t<\/div>\n\t\t\t\t<div class=\"elementor-column elementor-col-50 elementor-top-column elementor-element elementor-element-537cb8a\" data-id=\"537cb8a\" data-element_type=\"column\" data-e-type=\"column\" data-settings=\"{&quot;_ob_column_hoveranimator&quot;:&quot;no&quot;,&quot;_ob_column_has_pseudo&quot;:&quot;no&quot;}\">\n\t\t\t<div class=\"elementor-widget-wrap elementor-element-populated\">\n\t\t\t\t\t\t<div class=\"elementor-element elementor-element-e18b41c elementor-widget__width-auto ob-harakiri-inherit ob-has-background-overlay elementor-widget elementor-widget-heading\" data-id=\"e18b41c\" data-element_type=\"widget\" data-e-type=\"widget\" data-settings=\"{&quot;_ob_use_harakiri&quot;:&quot;yes&quot;,&quot;_ob_harakiri_writing_mode&quot;:&quot;inherit&quot;,&quot;_ob_harakiri_text_clip&quot;:&quot;none&quot;,&quot;_ob_widget_stalker_use&quot;:&quot;no&quot;,&quot;_ob_poopart_use&quot;:&quot;yes&quot;,&quot;_ob_shadough_use&quot;:&quot;no&quot;,&quot;_ob_allow_hoveranimator&quot;:&quot;no&quot;}\" data-widget_type=\"heading.default\">\n\t\t\t\t<div class=\"elementor-widget-container\">\n\t\t\t\t\t<span class=\"elementor-heading-title elementor-size-default\">\/<\/span>\t\t\t\t<\/div>\n\t\t\t\t<\/div>\n\t\t\t\t<div class=\"elementor-element elementor-element-270ae57 elementor-widget__width-auto ob-harakiri-inherit ob-has-background-overlay elementor-widget elementor-widget-heading\" data-id=\"270ae57\" data-element_type=\"widget\" data-e-type=\"widget\" data-settings=\"{&quot;_ob_use_harakiri&quot;:&quot;yes&quot;,&quot;_ob_harakiri_writing_mode&quot;:&quot;inherit&quot;,&quot;_ob_harakiri_text_clip&quot;:&quot;none&quot;,&quot;_ob_widget_stalker_use&quot;:&quot;no&quot;,&quot;_ob_poopart_use&quot;:&quot;yes&quot;,&quot;_ob_shadough_use&quot;:&quot;no&quot;,&quot;_ob_allow_hoveranimator&quot;:&quot;no&quot;}\" data-widget_type=\"heading.default\">\n\t\t\t\t<div class=\"elementor-widget-container\">\n\t\t\t\t\t<h1 class=\"elementor-heading-title elementor-size-default\">Garden jazz on Sundays<\/h1>\t\t\t\t<\/div>\n\t\t\t\t<\/div>\n\t\t\t\t<div class=\"elementor-element elementor-element-307f5cf ob-harakiri-inherit ob-has-background-overlay elementor-widget elementor-widget-text-editor\" data-id=\"307f5cf\" data-element_type=\"widget\" data-e-type=\"widget\" data-settings=\"{&quot;_ob_use_harakiri&quot;:&quot;yes&quot;,&quot;_ob_harakiri_writing_mode&quot;:&quot;inherit&quot;,&quot;_ob_postman_use&quot;:&quot;no&quot;,&quot;_ob_widget_stalker_use&quot;:&quot;no&quot;,&quot;_ob_poopart_use&quot;:&quot;yes&quot;,&quot;_ob_shadough_use&quot;:&quot;no&quot;,&quot;_ob_allow_hoveranimator&quot;:&quot;no&quot;}\" data-widget_type=\"text-editor.default\">\n\t\t\t\t<div class=\"elementor-widget-container\">\n\t\t\t\t\t\t\t\t\t<p>This summer, the Golf H\u00f4tel Valescure &amp; Spa Nuxe gives you <strong>every Sunday from 3 July to 28 August 2022<\/strong>for our GARDEN JAZZ.<\/p><p>\u00a0<\/p><p>Under the sun of Saint-Rapha\u00ebl, let yourself be transported by the music of our different jazz bands, in the hotel garden, from 6.30 pm to 10 pm.<\/p><p>\u00a0<\/p><p>While listening carefully to the beautiful melodies, enjoy <strong>our unique 100% buffet<\/strong> including a Salad'Bar, a BBQ and a dessert buffet. This formula is at <strong>39\u20ac per person<\/strong>excluding drinks. Our wine and cocktail bar is at your disposal, at an additional cost, if you wish.<\/p><p>\u00a0<\/p><p><strong>Discover our summer jazz program below:<\/strong><\/p><ul><li>Jazz Swing with a piano, clarinet\/saxophone and double bass trio (3 July to 24 July)<\/li><li>New Orleans jazz with a quartet of banjo, clarinet\/saxophone, trumpet, double bass (31 July and 14 August)<\/li><li>French Jazz with a quartet of piano, clarinet\/saxophone, singer, double bass (7 July)<\/li><li>Jazz Swing with the trio piano, clarinet\/saxophone, double bass (21 and 28 August)<\/li><\/ul><p>\u00a0<\/p><p>Open to all, we look forward to seeing you at our GARDEN JAZZ!<\/p><p>\u00a0<\/p><p>Reservation recommended on 04.94.52.85.00<\/p>\t\t\t\t\t\t\t\t<\/div>\n\t\t\t\t<\/div>\n\t\t\t\t\t<\/div>\n\t\t<\/div>\n\t\t\t\t\t<\/div>\n\t\t<\/section>\n\t\t\t\t<section class=\"elementor-section elementor-top-section elementor-element elementor-element-b1c9f07 elementor-section-boxed elementor-section-height-default elementor-section-height-default\" data-id=\"b1c9f07\" data-element_type=\"section\" data-e-type=\"section\" data-settings=\"{&quot;_ob_glider_is_slider&quot;:&quot;no&quot;}\">\n\t\t\t\t\t\t<div class=\"elementor-container elementor-column-gap-default\">\n\t\t\t\t\t<div class=\"elementor-column elementor-col-100 elementor-top-column elementor-element elementor-element-0274ce7\" data-id=\"0274ce7\" data-element_type=\"column\" data-e-type=\"column\" data-settings=\"{&quot;_ob_column_hoveranimator&quot;:&quot;no&quot;,&quot;_ob_column_has_pseudo&quot;:&quot;no&quot;}\">\n\t\t\t<div class=\"elementor-widget-wrap\">\n\t\t\t\t\t\t\t<\/div>\n\t\t<\/div>\n\t\t\t\t\t<\/div>\n\t\t<\/section>\n\t\t\t\t<\/div>","protected":false},"excerpt":{"rendered":"<p>\/ Garden jazz les dimanches Cet \u00e9t\u00e9, le Golf H\u00f4tel Valescure &amp; Spa Nuxe vous donne rendez-vous tous les dimanches, du 3 juillet au 28 ao\u00fbt 2022, pour notre GARDEN JAZZ. \u00a0 Sous le soleil de Saint-Rapha\u00ebl, laissez vous transporter par la musique de nos diff\u00e9rents orchestres de jazz, dans le jardin de l&rsquo;h\u00f4tel, de [&hellip;]<\/p>\n","protected":false},"author":6,"featured_media":5601,"comment_status":"closed","ping_status":"open","sticky":false,"template":"","format":"standard","meta":{"_acf_changed":false,"inline_featured_image":false,"footnotes":""},"categories":[14],"tags":[],"class_list":["post-2937","post","type-post","status-publish","format-standard","has-post-thumbnail","hentry","category-actualites"],"acf":[],"_links":{"self":[{"href":"https:\/\/www.valescure.najeti.fr\/en\/wp-json\/wp\/v2\/posts\/2937","targetHints":{"allow":["GET"]}}],"collection":[{"href":"https:\/\/www.valescure.najeti.fr\/en\/wp-json\/wp\/v2\/posts"}],"about":[{"href":"https:\/\/www.valescure.najeti.fr\/en\/wp-json\/wp\/v2\/types\/post"}],"author":[{"embeddable":true,"href":"https:\/\/www.valescure.najeti.fr\/en\/wp-json\/wp\/v2\/users\/6"}],"replies":[{"embeddable":true,"href":"https:\/\/www.valescure.najeti.fr\/en\/wp-json\/wp\/v2\/comments?post=2937"}],"version-history":[{"count":0,"href":"https:\/\/www.valescure.najeti.fr\/en\/wp-json\/wp\/v2\/posts\/2937\/revisions"}],"wp:featuredmedia":[{"embeddable":true,"href":"https:\/\/www.valescure.najeti.fr\/en\/wp-json\/wp\/v2\/media\/5601"}],"wp:attachment":[{"href":"https:\/\/www.valescure.najeti.fr\/en\/wp-json\/wp\/v2\/media?parent=2937"}],"wp:term":[{"taxonomy":"category","embeddable":true,"href":"https:\/\/www.valescure.najeti.fr\/en\/wp-json\/wp\/v2\/categories?post=2937"},{"taxonomy":"post_tag","embeddable":true,"href":"https:\/\/www.valescure.najeti.fr\/en\/wp-json\/wp\/v2\/tags?post=2937"}],"curies":[{"name":"wp","href":"https:\/\/api.w.org\/{rel}","templated":true}]}}